{"id":2926,"date":"2026-08-31T12:01:05","date_gmt":"2026-08-31T10:01:05","guid":{"rendered":"https:\/\/www.insegnasalute.it\/?p=2926"},"modified":"2026-09-01T14:33:11","modified_gmt":"2026-09-01T12:33:11","slug":"difterite-a-palermo-due-casi-confermati-perche-la-vaccinazione-resta-fondamentale","status":"publish","type":"post","link":"https:\/\/www.insegnasalute.it\/index.php\/2026\/08\/31\/difterite-a-palermo-due-casi-confermati-perche-la-vaccinazione-resta-fondamentale\/","title":{"rendered":"Difterite a Palermo: due casi confermati. Perch\u00e9 la vaccinazione resta fondamentale"},"content":{"rendered":"\n<p style=\"font-size: 20px; text-align: justify;\">Una bambina di quattro anni \u00e8 deceduta a Palermo a causa della difterite.\u00a0<strong><mark class=\"has-inline-color\" style=\"background-color: rgba(0, 0, 0, 0); color: #24ab8c;\">La difterite \u00e8 una malattia infettiva acuta, potenzialmente grave, causata da ceppi tossigenici di\u00a0<em>Corynebacterium diphtheriae<\/em>\u00a0e prevenibile attraverso la vaccinazione.<\/mark><\/strong>\u00a0La bambina non era vaccinata contro la malattia.\u2028La diagnosi, inizialmente formulata come sospetta, \u00e8 stata successivamente confermata dalle analisi effettuate presso il Laboratorio nazionale di riferimento per la difterite dell\u2019Istituto Superiore di Sanit\u00e0, che ha identificato\u00a0<em>Corynebacterium diphtheriae<\/em>\u00a0e rilevato la presenza del gene della tossina difterica.\u2028A seguito del caso, l\u2019ASP di Palermo ha avviato l\u2019indagine epidemiologica, identificando e monitorando i contatti della bambina, verificandone lo stato vaccinale e mettendo in atto le misure di profilassi previste.<\/p>\n\n\n\n<p class=\"has-text-color has-link-color has-medium-font-size wp-elements-1 wp-block-paragraph\" style=\"color:#24ab8c\"><strong>Un secondo caso nello stesso nucleo familiare<\/strong><\/p>\n\n\n\n<p style=\"font-size: 20px; text-align: justify;\">Nel corso delle attivit\u00e0 di contact tracing \u00e8 stato identificato un secondo caso nel cugino della bambina, anche lui di quattro anni.\u2028Il 27 agosto l\u2019Istituto Superiore di Sanit\u00e0 ha confermato anche nel suo tampone faringeo la presenza di\u00a0<em>C. diphtheriae<\/em>\u00a0e del gene della tossina difterica.\u2028Gli isolati dei due bambini presentano lo stesso profilo di antibiotico-resistenza, mentre il sequenziamento genomico completo \u00e8 ancora in corso.\u2028Il secondo bambino era vaccinato contro la difterite e ha sviluppato una forma non grave della malattia. Al 27 agosto non risultavano ulteriori casi.<\/p>\n\n\n\n<p style=\"font-size: 20px; text-align: justify;\">Questo dato rappresenta un elemento importante anche dal punto di vista della prevenzione:\u00a0<strong><mark class=\"has-inline-color\" style=\"background-color: rgba(0, 0, 0, 0); color: #24ab8c;\">la vaccinazione non esclude in assoluto la possibilit\u00e0 di infezione, ma riduce in modo sostanziale il rischio di sviluppare forme gravi e complicanze<\/mark>.<\/strong><\/p>\n\n\n\n<p class=\"has-text-color has-link-color has-medium-font-size wp-elements-2 wp-block-paragraph\" style=\"color:#24ab8c\"><strong>Che cos\u2019\u00e8 la difterite<\/strong><\/p>\n\n\n\n<p style=\"font-size: 20px; text-align: justify;\">La difterite \u00e8 una malattia infettiva causata principalmente da ceppi tossigenici di\u00a0<em>Corynebacterium diphtheriae<\/em>.\u2028La trasmissione avviene soprattutto da persona a persona attraverso le\u00a0<strong><mark class=\"has-inline-color\" style=\"background-color: rgba(0, 0, 0, 0); color: #24ab8c;\">secrezioni respiratorie<\/mark><\/strong>.\u2028La forma respiratoria pu\u00f2 manifestarsi inizialmente con febbre, mal di gola, malessere e ingrossamento dei linfonodi del collo. Nei casi pi\u00f9 gravi pu\u00f2 comparire una pseudomembrana aderente a livello di faringe e tonsille, che pu\u00f2 ostacolare la respirazione.\u2028Le complicanze pi\u00f9 severe dipendono soprattutto dalla tossina prodotta dal batterio, che pu\u00f2 diffondersi nell\u2019organismo e danneggiare altri organi, in particolare a livello cardiaco.\u2028La difterite pu\u00f2 quindi essere una malattia molto grave e, in alcuni casi, fatale.<\/p>\n\n\n\n<p class=\"has-text-color has-link-color has-medium-font-size wp-elements-3 wp-block-paragraph\" style=\"color:#24ab8c\"><strong>Una malattia rara non \u00e8 necessariamente una malattia scomparsa<\/strong><\/p>\n\n\n\n<p style=\"font-size: 20px; text-align: justify;\">Nei Paesi con elevate coperture vaccinali la difterite \u00e8 diventata molto rara. Questo risultato\u00a0<mark class=\"has-inline-color\" style=\"background-color: rgba(0, 0, 0, 0); color: #24ab8c;\"><strong>\u00e8 stato ottenuto grazie alla vaccinazione<\/strong>.<\/mark>\u2028Una riduzione dei casi, per\u00f2, non significa che il batterio sia stato eradicato.\u00a0<strong><mark class=\"has-inline-color\" style=\"background-color: rgba(0, 0, 0, 0); color: #24ab8c;\"><em>Corynebacterium diphtheriae<\/em>\u00a0continua a circolare in diverse aree del mondo<\/mark><\/strong>\u00a0e pu\u00f2 causare nuovi casi anche in Paesi in cui la malattia non viene osservata frequentemente.\u2028Quando diminuisce il numero di persone adeguatamente vaccinate, aumenta la quota di popolazione suscettibile e diventa pi\u00f9 facile che un caso importato o una nuova introduzione del batterio determini ulteriori infezioni.\u2028<strong><mark class=\"has-inline-color\" style=\"background-color: rgba(0, 0, 0, 0); color: #24ab8c;\">Per questo motivo \u00e8 importante non interpretare la rarit\u00e0 della malattia come un motivo per rinunciare alla vaccinazione: \u00e8 proprio il mantenimento di elevate coperture vaccinali che permette di mantenerla rara.<\/mark><\/strong><\/p>\n\n\n\n<p class=\"has-medium-font-size wp-block-paragraph\"><strong><mark style=\"background-color:rgba(0, 0, 0, 0);color:#24ab8c\" class=\"has-inline-color\">Come protegge il vaccino contro la difterite<\/mark><\/strong><\/p>\n\n\n\n<p style=\"font-size: 20px; text-align: justify;\">Il vaccino antidifterico contiene una\u00a0<mark class=\"has-inline-color\" style=\"background-color: rgba(0, 0, 0, 0); color: #24ab8c;\"><strong>tossina batterica<\/strong>\u00a0<strong>inattivata<\/strong>,<\/mark> chiamata\u00a0<mark class=\"has-inline-color\" style=\"background-color: rgba(0, 0, 0, 0); color: #24ab8c;\"><strong>anatossina<\/strong>,<\/mark> che non pu\u00f2 causare la malattia ma\u00a0<strong><mark class=\"has-inline-color\" style=\"background-color: rgba(0, 0, 0, 0); color: #24ab8c;\">stimola il sistema immunitario<\/mark><\/strong>\u00a0a produrre anticorpi contro la tossina difterica.\u2028In questo modo, se una persona vaccinata entra successivamente in contatto con un ceppo tossigenico di\u00a0<em>C. diphtheriae<\/em>, il suo sistema immunitario \u00e8 gi\u00e0 preparato a contrastare gli effetti pi\u00f9 pericolosi della tossina.\u2028La protezione tende tuttavia a diminuire nel tempo. Per questo motivo sono previste pi\u00f9 dosi durante l\u2019infanzia e successivi richiami.\u00a0<\/p>\n\n\n\n<p class=\"has-text-color has-link-color has-medium-font-size wp-elements-4 wp-block-paragraph\" style=\"color:#24ab8c\"><strong>Quando viene somministrato il vaccino<\/strong><\/p>\n\n\n\n<p style=\"font-size: 20px; text-align: justify;\">In Italia la vaccinazione contro la difterite \u00e8 prevista fin dai primi mesi di vita ed \u00e8 contenuta nel\u00a0<strong><mark class=\"has-inline-color\" style=\"background-color: rgba(0, 0, 0, 0); color: #24ab8c;\">vaccino esavalente<\/mark><\/strong>, insieme alle componenti contro tetano, pertosse, poliomielite, epatite B e\u00a0<em>Haemophilus influenzae<\/em>\u00a0di tipo b.\u2028Dopo il ciclo primario sono previsti richiami durante\u00a0<mark class=\"has-inline-color\" style=\"background-color: rgba(0, 0, 0, 0); color: #24ab8c;\"><strong>l\u2019infanzia<\/strong>\u00a0e\u00a0<strong>l\u2019adolescenza<\/strong>. <\/mark>Anche\u00a0<strong><mark class=\"has-inline-color\" style=\"background-color: rgba(0, 0, 0, 0); color: #24ab8c;\">nell\u2019adulto \u00e8 raccomandato un richiamo della vaccinazione contro difterite, tetano e pertosse ogni dieci anni.<\/mark><\/strong>\u2028La vaccinazione \u00e8 raccomandata\u00a0<mark class=\"has-inline-color\" style=\"background-color: rgba(0, 0, 0, 0); color: #24ab8c;\"><strong>anche in gravidanza<\/strong>\u00a0<\/mark>in quanto gli anticorpi prodotti dalla mamma attraversano la placenta e forniscono una protezione al bambino per le prime settimane di vita.\u2028La vaccinazione antidifterica rientra inoltre tra le vaccinazioni obbligatorie previste in et\u00e0 pediatrica.\u2028Controllare il proprio stato vaccinale e quello dei propri figli \u00e8 quindi importante anche quando una malattia sembra lontana o poco frequente.<\/p>\n\n\n\n<p class=\"has-text-color has-link-color has-medium-font-size wp-elements-5 wp-block-paragraph\" style=\"color:#24ab8c\"><strong>Le coperture vaccinali in Sicilia<\/strong><\/p>\n\n\n\n<p style=\"font-size: 20px; text-align: justify;\">I dati del Ministero della Salute relativi al 2024 mostrano che, tra i bambini della coorte di nascita 2022, la copertura vaccinale a 24 mesi per il ciclo di base completo contro la difterite era pari all\u201985,13% in Sicilia, rispetto al 94,46% registrato complessivamente in Italia.<\/p>\n\n\n\n<p style=\"font-size: 20px; text-align: justify;\">Il valore siciliano risulta quindi inferiore di oltre nove punti percentuali rispetto alla media nazionale e\u00a0<strong><mark class=\"has-inline-color\" style=\"background-color: rgba(0, 0, 0, 0); color: #24ab8c;\">lontano dall\u2019obiettivo del 95%.<\/mark><\/strong>\u2028Considerando i recuperi effettuati entro i 36 mesi, nella coorte 2021 la copertura raggiungeva l\u201989,49% in Sicilia e il 95,15% a livello nazionale.\u2028Recuperare tempestivamente le vaccinazioni non effettuate nei tempi previsti \u00e8 importante perch\u00e9 ogni ritardo prolunga il periodo durante il quale il bambino rimane suscettibile alla malattia.<\/p>\n\n\n\n<p class=\"has-text-color has-link-color has-medium-font-size wp-elements-6 wp-block-paragraph\" style=\"color:#24ab8c\"><strong>Anche in Europa si verificano ancora casi<\/strong><\/p>\n\n\n\n<p style=\"font-size: 20px; text-align: justify;\">Secondo l\u2019European Centre for Disease Prevention and Control, nel 2024 sono stati segnalati nei Paesi dell\u2019Unione Europea e dello Spazio Economico Europeo 151 casi di difterite.\u2028Tra i casi per i quali era disponibile l\u2019informazione sullo stato vaccinale, una quota rilevante riguardava persone non vaccinate o con una storia vaccinale incompleta o non definita.\u2028Anche l\u2019Organizzazione Mondiale della Sanit\u00e0 sottolinea che, per mantenere una protezione adeguata nel tempo, sono necessarie pi\u00f9 dosi di vaccino e successivi richiami.<\/p>\n\n\n\n<p class=\"has-text-color has-link-color has-medium-font-size wp-elements-7 wp-block-paragraph\" style=\"color:#24ab8c\"><strong>Cosa fare<\/strong><\/p>\n\n\n\n<p style=\"font-size: 20px; text-align: justify;\">Dopo i casi di Palermo, la Regione Siciliana ha istituito una task force dedicata al monitoraggio epidemiologico e al rafforzamento delle vaccinazioni pediatriche. Anche l\u2019ASP di Palermo ha potenziato l\u2019offerta vaccinale e le attivit\u00e0 di recupero.<\/p>\n\n\n\n<p style=\"font-size: 20px; text-align: justify;\">Il messaggio di prevenzione \u00e8 semplice:\u00a0<strong><mark class=\"has-inline-color\" style=\"background-color: rgba(0, 0, 0, 0); color: #24ab8c;\">le malattie prevenibili con la vaccinazione possono diventare rare, ma non per questo cessano di rappresentare un rischio.<\/mark><\/strong>\u2028Per questo \u00e8 utile verificare periodicamente il proprio calendario vaccinale e quello dei propri figli e recuperare eventuali dosi mancanti rivolgendosi al pediatra, al medico di medicina generale o ai servizi vaccinali della propria ASL.\u2028Mantenere adeguate coperture vaccinali significa proteggere il singolo individuo dalle forme pi\u00f9 gravi della malattia e, allo stesso tempo, ridurre la possibilit\u00e0 che il batterio trovi persone suscettibili nelle quali continuare a circolare.<\/p>\n\n\n\n<p class=\"has-medium-font-size wp-block-paragraph\"><\/p>\n","protected":false},"excerpt":{"rendered":"<p>Una bambina di quattro anni \u00e8 deceduta a Palermo a causa della difterite.\u00a0La difterite \u00e8 una malattia infettiva acuta, potenzialmente grave, causata da ceppi tossigenici di\u00a0Corynebacterium diphtheriae\u00a0e prevenibile attraverso la vaccinazione.\u00a0La bambina non era vaccinata contro la malattia.\u2028La diagnosi, inizialmente formulata come sospetta, \u00e8 stata successivamente confermata dalle analisi effettuate presso il Laboratorio nazionale di [&hellip;]<\/p>\n","protected":false},"author":6,"featured_media":2933,"comment_status":"closed","ping_status":"closed","sticky":false,"template":"","format":"standard","meta":{"_eb_attr":"","ocean_post_layout":"","ocean_both_sidebars_style":"","ocean_both_sidebars_content_width":0,"ocean_both_sidebars_sidebars_width":0,"ocean_sidebar":"","ocean_second_sidebar":"","ocean_disable_margins":"enable","ocean_add_body_class":"","ocean_shortcode_before_top_bar":"","ocean_shortcode_after_top_bar":"","ocean_shortcode_before_header":"","ocean_shortcode_after_header":"","ocean_has_shortcode":"","ocean_shortcode_after_title":"","ocean_shortcode_before_footer_widgets":"","ocean_shortcode_after_footer_widgets":"","ocean_shortcode_before_footer_bottom":"","ocean_shortcode_after_footer_bottom":"","ocean_display_top_bar":"default","ocean_display_header":"default","ocean_header_style":"","ocean_center_header_left_menu":"","ocean_custom_header_template":"","ocean_custom_logo":0,"ocean_custom_retina_logo":0,"ocean_custom_logo_max_width":0,"ocean_custom_logo_tablet_max_width":0,"ocean_custom_logo_mobile_max_width":0,"ocean_custom_logo_max_height":0,"ocean_custom_logo_tablet_max_height":0,"ocean_custom_logo_mobile_max_height":0,"ocean_header_custom_menu":"","ocean_menu_typo_font_family":"","ocean_menu_typo_font_subset":"","ocean_menu_typo_font_size":0,"ocean_menu_typo_font_size_tablet":0,"ocean_menu_typo_font_size_mobile":0,"ocean_menu_typo_font_size_unit":"px","ocean_menu_typo_font_weight":"","ocean_menu_typo_font_weight_tablet":"","ocean_menu_typo_font_weight_mobile":"","ocean_menu_typo_transform":"","ocean_menu_typo_transform_tablet":"","ocean_menu_typo_transform_mobile":"","ocean_menu_typo_line_height":0,"ocean_menu_typo_line_height_tablet":0,"ocean_menu_typo_line_height_mobile":0,"ocean_menu_typo_line_height_unit":"","ocean_menu_typo_spacing":0,"ocean_menu_typo_spacing_tablet":0,"ocean_menu_typo_spacing_mobile":0,"ocean_menu_typo_spacing_unit":"","ocean_menu_link_color":"","ocean_menu_link_color_hover":"","ocean_menu_link_color_active":"","ocean_menu_link_background":"","ocean_menu_link_hover_background":"","ocean_menu_link_active_background":"","ocean_menu_social_links_bg":"","ocean_menu_social_hover_links_bg":"","ocean_menu_social_links_color":"","ocean_menu_social_hover_links_color":"","ocean_disable_title":"default","ocean_disable_heading":"default","ocean_post_title":"","ocean_post_subheading":"","ocean_post_title_style":"","ocean_post_title_background_color":"","ocean_post_title_background":0,"ocean_post_title_bg_image_position":"","ocean_post_title_bg_image_attachment":"","ocean_post_title_bg_image_repeat":"","ocean_post_title_bg_image_size":"","ocean_post_title_height":0,"ocean_post_title_bg_overlay":0.5,"ocean_post_title_bg_overlay_color":"","ocean_disable_breadcrumbs":"default","ocean_breadcrumbs_color":"","ocean_breadcrumbs_separator_color":"","ocean_breadcrumbs_links_color":"","ocean_breadcrumbs_links_hover_color":"","ocean_display_footer_widgets":"default","ocean_display_footer_bottom":"default","ocean_custom_footer_template":"","ofc_meta_disable_footer_callout":"","ofc_meta_callout_button_url":"","ofc_meta_callout_button_txt":"","ofc_meta_callout_text":"","ofc_enable_fullscreen":"disable","ofc_fullscreen_speed":0,"ofc_fullscreen_nav":"enable","ofc_fullscreen_nav_pos":"right","ofc_fullscreen_nav_color":"","ofc_fullscreen_nav_tooltip_color":"","ofc_fullscreen_responsive":0,"osp_disable_panel":"default","osh_disable_topbar_sticky":"default","osh_disable_header_sticky":"default","osh_sticky_header_style":"default","osh_sticky_header_effect":"","osh_custom_sticky_logo":0,"osh_custom_retina_sticky_logo":0,"osh_custom_sticky_logo_height":0,"osh_background_color":"","osh_links_color":"","osh_links_hover_color":"","osh_links_active_color":"","osh_links_bg_color":"","osh_links_hover_bg_color":"","osh_links_active_bg_color":"","osh_menu_social_links_color":"","osh_menu_social_hover_links_color":"","ocean_post_oembed":"","ocean_post_self_hosted_media":"","ocean_post_video_embed":"","ocean_link_format":"","ocean_link_format_target":"self","ocean_quote_format":"","ocean_quote_format_link":"post","ocean_gallery_link_images":"on","ocean_gallery_id":[],"footnotes":""},"categories":[22],"tags":[],"class_list":["post-2926","post","type-post","status-publish","format-standard","has-post-thumbnail","hentry","category-news","entry","has-media"],"categories_names":["News"],"post_class":[["post-2926","post","type-post","status-publish","format-standard","has-post-thumbnail","hentry","category-news","entry","has-media"]],"author_avatar":["<img alt='' src='https:\/\/secure.gravatar.com\/avatar\/02ad4345db3a801f134c0737655e155d3f701828a559d8f0e4374af00abef511?s=96&#038;d=mm&#038;r=g' srcset='https:\/\/secure.gravatar.com\/avatar\/02ad4345db3a801f134c0737655e155d3f701828a559d8f0e4374af00abef511?s=192&#038;d=mm&#038;r=g 2x' class='avatar avatar-96 photo' height='96' width='96' loading='lazy' decoding='async'\/>"],"featured_video":null,"_links":{"self":[{"href":"https:\/\/www.insegnasalute.it\/index.php\/wp-json\/wp\/v2\/posts\/2926","targetHints":{"allow":["GET"]}}],"collection":[{"href":"https:\/\/www.insegnasalute.it\/index.php\/wp-json\/wp\/v2\/posts"}],"about":[{"href":"https:\/\/www.insegnasalute.it\/index.php\/wp-json\/wp\/v2\/types\/post"}],"author":[{"embeddable":true,"href":"https:\/\/www.insegnasalute.it\/index.php\/wp-json\/wp\/v2\/users\/6"}],"replies":[{"embeddable":true,"href":"https:\/\/www.insegnasalute.it\/index.php\/wp-json\/wp\/v2\/comments?post=2926"}],"version-history":[{"count":5,"href":"https:\/\/www.insegnasalute.it\/index.php\/wp-json\/wp\/v2\/posts\/2926\/revisions"}],"predecessor-version":[{"id":3039,"href":"https:\/\/www.insegnasalute.it\/index.php\/wp-json\/wp\/v2\/posts\/2926\/revisions\/3039"}],"wp:featuredmedia":[{"embeddable":true,"href":"https:\/\/www.insegnasalute.it\/index.php\/wp-json\/wp\/v2\/media\/2933"}],"wp:attachment":[{"href":"https:\/\/www.insegnasalute.it\/index.php\/wp-json\/wp\/v2\/media?parent=2926"}],"wp:term":[{"taxonomy":"category","embeddable":true,"href":"https:\/\/www.insegnasalute.it\/index.php\/wp-json\/wp\/v2\/categories?post=2926"},{"taxonomy":"post_tag","embeddable":true,"href":"https:\/\/www.insegnasalute.it\/index.php\/wp-json\/wp\/v2\/tags?post=2926"}],"curies":[{"name":"wp","href":"https:\/\/api.w.org\/{rel}","templated":true}]}}